[{"@context":"https:\/\/schema.org\/","@type":"Article","@id":"https:\/\/www.sombra.cz\/skvela-prilezitost-pro-vsechny-zeny\/#Article","mainEntityOfPage":"https:\/\/www.sombra.cz\/skvela-prilezitost-pro-vsechny-zeny\/","headline":"Skv\u011bl\u00e1 p\u0159\u00edle\u017eitost pro v\u0161echny \u017eeny","name":"Skv\u011bl\u00e1 p\u0159\u00edle\u017eitost pro v\u0161echny \u017eeny","description":"Hled\u00e1te neust\u00e1le \u00fa\u010des, kter\u00fd by V\u00e1m sed\u011bl? M\u00e1te pocit, \u017ee to neust\u00e1le nen\u00ed ono? Mo\u017en\u00e1 bude probl\u00e9m pr\u00e1v\u011b s d\u00e9lkou Va\u0161ich kade\u0159\u00ed. Jist\u011b by V\u00e1m slu\u0161ela del\u0161\u00ed a hust\u0161\u00ed h\u0159\u00edva, ne\u017e kterou m\u00e1te v sou\u010dasn\u00e9 dob\u011b. Prodlu\u017eov\u00e1n\u00ed vlas\u016f Praha V\u00e1m nab\u00edz\u00ed skv\u011blou mo\u017enost, jak z\u00edskat nov\u00fd vzhled! Dosa\u017een\u00fd v\u00fdsledek jist\u011b p\u0159ekvap\u00ed V\u00e1s i cel\u00e9 Va\u0161e [&hellip;]","datePublished":"2025-04-25","dateModified":"2025-04-25","author":{"@type":"Person","@id":"https:\/\/www.sombra.cz\/author\/#Person","name":"","url":"https:\/\/www.sombra.cz\/author\/","identifier":1,"image":{"@type":"ImageObject","@id":"https:\/\/secure.gravatar.com\/avatar\/c61c2d82e330ff9c70cf023b4c62d411e8407bcb38f85df591fa270717754b44?s=96&d=mm&r=g","url":"https:\/\/secure.gravatar.com\/avatar\/c61c2d82e330ff9c70cf023b4c62d411e8407bcb38f85df591fa270717754b44?s=96&d=mm&r=g","height":96,"width":96}},"publisher":{"@type":"Organization","name":"sombra.cz","logo":{"@type":"ImageObject","@id":"\/logo.png","url":"\/logo.png","width":600,"height":60}},"url":"https:\/\/www.sombra.cz\/skvela-prilezitost-pro-vsechny-zeny\/","wordCount":174,"articleBody":"Hled\u00e1te neust\u00e1le \u00fa\u010des, kter\u00fd by V\u00e1m sed\u011bl? M\u00e1te pocit, \u017ee to neust\u00e1le nen\u00ed ono? Mo\u017en\u00e1 bude probl\u00e9m pr\u00e1v\u011b s d\u00e9lkou Va\u0161ich kade\u0159\u00ed. Jist\u011b by V\u00e1m slu\u0161ela del\u0161\u00ed a hust\u0161\u00ed h\u0159\u00edva, ne\u017e kterou m\u00e1te v sou\u010dasn\u00e9 dob\u011b. Prodlu\u017eov\u00e1n\u00ed vlas\u016f Praha V\u00e1m nab\u00edz\u00ed skv\u011blou mo\u017enost, jak z\u00edskat nov\u00fd vzhled! Dosa\u017een\u00fd v\u00fdsledek jist\u011b p\u0159ekvap\u00ed V\u00e1s i cel\u00e9 Va\u0161e okol\u00ed. Va\u0161e viz\u00e1\u017e z\u00edsk\u00e1 \u00fapln\u011b nov\u00fd n\u00e1dech! Vyberte si typ p\u0159ipevn\u011bn\u00ed pram\u00ednk\u016f V na\u0161em kade\u0159nick\u00e9m sal\u00f3nu jsme si pro V\u00e1s p\u0159ipravili revolu\u010dn\u00ed \u0159e\u0161en\u00ed pro d\u00e9lku a hustotu vlas\u016f. Pomoc\u00ed \u010dty\u0159 metod (Bond Plus, Bond Fix, Keratin, Micro Rings) V\u00e1m dok\u00e1\u017eeme prodlou\u017eit pram\u00ednky na d\u00e9lku, kterou si sami zvol\u00edte. Lze vyu\u017e\u00edt tak\u00e9 zhu\u0161t\u011bn\u00ed. Vyb\u00edr\u00e1te si mezi p\u0159ipevn\u011bn\u00edm pram\u00ednk\u016f nebo cel\u00fdch pyramidek.                                                                                                                                                                                                                                                                                                                                                                                                "},{"@context":"https:\/\/schema.org\/","@type":"BreadcrumbList","itemListElement":[{"@type":"ListItem","position":1,"name":"Skv\u011bl\u00e1 p\u0159\u00edle\u017eitost pro v\u0161echny \u017eeny","item":"https:\/\/www.sombra.cz\/skvela-prilezitost-pro-vsechny-zeny\/#breadcrumbitem"}]}]