[{"@context":"https:\/\/schema.org\/","@type":"Article","@id":"https:\/\/www.sombra.cz\/pronajem-vozu-na-vikend-se-slevou\/#Article","mainEntityOfPage":"https:\/\/www.sombra.cz\/pronajem-vozu-na-vikend-se-slevou\/","headline":"Pron\u00e1jem vozu na v\u00edkend se slevou","name":"Pron\u00e1jem vozu na v\u00edkend se slevou","description":"P\u016fj\u010dte si auto na v\u00edkend za v\u00fdhodn\u011bj\u0161\u00ed cenu z autop\u016fj\u010dovny Milan. N\u011bkter\u00e9 autop\u016fj\u010dovny nab\u00edz\u00ed sv\u00e1 vozidla v\u00fdhodn\u011b pr\u00e1v\u011b v t\u011bchto dnech, \u010d\u00edm\u017e podporuj\u00ed v\u00edkendov\u00e9 cestov\u00e1n\u00ed na r\u016fzn\u00e9 v\u00fdlety a podobn\u00e9 akce v pr\u016fb\u011bhu voln\u00e9ho \u010dasu. Toto se vyplat\u00ed zejm\u00e9na lidem, co \u017e\u00e1dn\u00e9 auto nemaj\u00ed, a ani si jej nehodlaj\u00ed po\u0159\u00eddit, proto\u017ee se jim zkr\u00e1tka finan\u010dn\u011b [&hellip;]","datePublished":"2023-07-20","dateModified":"2023-09-20","author":{"@type":"Person","@id":"https:\/\/www.sombra.cz\/author\/#Person","name":"","url":"https:\/\/www.sombra.cz\/author\/","identifier":1,"image":{"@type":"ImageObject","@id":"https:\/\/secure.gravatar.com\/avatar\/c61c2d82e330ff9c70cf023b4c62d411e8407bcb38f85df591fa270717754b44?s=96&d=mm&r=g","url":"https:\/\/secure.gravatar.com\/avatar\/c61c2d82e330ff9c70cf023b4c62d411e8407bcb38f85df591fa270717754b44?s=96&d=mm&r=g","height":96,"width":96}},"publisher":{"@type":"Organization","name":"sombra.cz","logo":{"@type":"ImageObject","@id":"\/logo.png","url":"\/logo.png","width":600,"height":60}},"image":{"@type":"ImageObject","@id":"https:\/\/www.sombra.cz\/wp-content\/uploads\/car-2272458_640.jpg","url":"https:\/\/www.sombra.cz\/wp-content\/uploads\/car-2272458_640.jpg","height":0,"width":0},"url":"https:\/\/www.sombra.cz\/pronajem-vozu-na-vikend-se-slevou\/","about":["Spole\u010dnosti"],"wordCount":419,"articleBody":"   P\u016fj\u010dte si auto na v\u00edkend za v\u00fdhodn\u011bj\u0161\u00ed cenu z autop\u016fj\u010dovny Milan. N\u011bkter\u00e9 autop\u016fj\u010dovny nab\u00edz\u00ed sv\u00e1 vozidla v\u00fdhodn\u011b pr\u00e1v\u011b v t\u011bchto dnech, \u010d\u00edm\u017e podporuj\u00ed v\u00edkendov\u00e9 cestov\u00e1n\u00ed na r\u016fzn\u00e9 v\u00fdlety a podobn\u00e9 akce v pr\u016fb\u011bhu voln\u00e9ho \u010dasu. Toto se vyplat\u00ed zejm\u00e9na lidem, co \u017e\u00e1dn\u00e9 auto nemaj\u00ed, a ani si jej nehodlaj\u00ed po\u0159\u00eddit, proto\u017ee se jim zkr\u00e1tka finan\u010dn\u011b nevyplat\u00ed.M\u00edt v dne\u0161n\u00ed dob\u011b auto je docela p\u0159epych, i kdy\u017e se zd\u00e1, \u017ee jsou automobily dostupn\u011bj\u0161\u00ed, ne\u017e tomu b\u00fdvalo d\u0159\u00edve. To je sice pravda, zejm\u00e9na co se t\u00fd\u010de ojetin, jen\u017ee \u010d\u00edm star\u0161\u00ed ojetina, a \u010d\u00edm v\u00edce ujet\u00fdch kilometr\u016f, t\u00edm v\u011bt\u0161\u00ed pravd\u011bpodobnost dal\u0161\u00edch investic. Pokud bychom v\u0161ak p\u0159edpokl\u00e1dali, \u017ee koup\u00edte ide\u00e1ln\u00ed v\u016fz, co po v\u00e1s nebude cht\u00edt po dobu deseti let ani jeden n\u00e1hradn\u00ed \u0161roubek, pak mus\u00edte po\u010d\u00edtat s n\u00e1sleduj\u00edc\u00edmi polo\u017ekami:Povinn\u00e9 ru\u010den\u00ed \u2013 p\u0159edstavte si, \u017ee je v\u00e1m dvacet let, pr\u00e1v\u011b jste si za\u0159\u00eddili \u0159idi\u010dsk\u00fd pr\u016fkaz, ale nem\u00e1te vlastn\u00ed v\u016fz, tak\u017ee si jej p\u016fj\u010dujete od rodi\u010d\u016f. Budete t\u00e9to v\u00fdpomoci vyu\u017e\u00edvat t\u0159eba deset let, a teprve pak se rozhodnete koupit vlastn\u00ed auto. I kdy\u017e se z v\u00e1s stanou velmi dob\u0159\u00ed \u0159idi\u010di, \u017e\u00e1dn\u00e1 z poji\u0161\u0165oven toto nezohled\u0148uje, pokud nem\u00e1te vlastn\u00ed v\u016fz. Budete pak pova\u017eov\u00e1na za za\u010d\u00e1te\u010dn\u00edka a platit povinn\u00e9 ru\u010den\u00ed v nejvy\u0161\u0161\u00ed sazb\u011b, a to nen\u00ed rozhodn\u011b zanedbateln\u00e1 \u010d\u00e1stka.STK, kapaliny, pneu, d\u00e1lni\u010dn\u00ed zn\u00e1mka, parkov\u00e1n\u00ed \u2013 co dva roky mus\u00edte platit STK, ka\u017ed\u00fd rok d\u00e1lni\u010dn\u00ed zn\u00e1mku a m\u011bnit pneumatiky a provozn\u00ed kapaliny, a n\u011bkde \u0159e\u0161it i v\u00fddaje za placen\u00e9 parkov\u00e1n\u00ed. I kdybyste neujeli ani kilometr, auto bude prost\u011b \u017eroutem pen\u011bz. Jestli\u017ee tedy nutn\u011b vozidlo nepot\u0159ebujete, nap\u0159\u00edklad pro svou pr\u00e1ci, a m\u016f\u017eete doj\u00ed\u017ed\u011bt do zam\u011bstn\u00e1n\u00ed hromadnou dopravou nebo na kole, p\u0159\u00edpadn\u011b chodit p\u011b\u0161ky, pak stoj\u00ed za \u00favahu nam\u00edsto do ojetiny investovat do ob\u010dasn\u00e9ho pron\u00e1jmu vozidla, kter\u00e9 z va\u0161\u00ed strany nevy\u017eaduje krom\u011b ceny p\u016fj\u010dovn\u00e9ho (a spot\u0159ebovan\u00e9ho paliva), p\u0159\u00edpadn\u011b vlastn\u00edho poji\u0161t\u011bn\u00ed, \u017e\u00e1dn\u00e9 v\u00fddaje.                                                                                                                                                                                                                                                                                                                                                                                           4.3\/5 - (3 votes)        "},{"@context":"https:\/\/schema.org\/","@type":"BreadcrumbList","itemListElement":[{"@type":"ListItem","position":1,"name":"Pron\u00e1jem vozu na v\u00edkend se slevou","item":"https:\/\/www.sombra.cz\/pronajem-vozu-na-vikend-se-slevou\/#breadcrumbitem"}]}]