[{"@context":"https:\/\/schema.org\/","@type":"Blog","@id":"https:\/\/www.sombra.cz#Blog","headline":"Sombra","description":"\nLid\u00e9 pot\u0159ebuj\u00ed uspokojovat spoustu sv\u00fdch pot\u0159eb. A proto nejednou hledaj\u00ed pomoc i na internetu. A aby m\u011bli jistotu, \u017ee ji najdou, m\u011bli by s\u00e1zet na n\u00e1\u0161 web.","url":"https:\/\/www.sombra.cz","hasPart":[{"@type":"Article","@id":"https:\/\/www.sombra.cz\/reklamni-predmety-ktere-nezruinuji-vas-rozpocet\/","headline":"Reklamn\u00ed p\u0159edm\u011bty, kter\u00e9 nezruinuj\u00ed v\u00e1\u0161 rozpo\u010det","url":"https:\/\/www.sombra.cz\/reklamni-predmety-ktere-nezruinuji-vas-rozpocet\/","datePublished":"2025-01-13","dateModified":"2025-01-13","mainEntityOfPage":"https:\/\/www.sombra.cz\/reklamni-predmety-ktere-nezruinuji-vas-rozpocet\/","author":{"@type":"Person","@id":"https:\/\/www.sombra.cz\/author\/#Person","name":"","url":"https:\/\/www.sombra.cz\/author\/","identifier":1,"image":{"@type":"ImageObject","@id":"https:\/\/secure.gravatar.com\/avatar\/c61c2d82e330ff9c70cf023b4c62d411e8407bcb38f85df591fa270717754b44?s=96&d=mm&r=g","url":"https:\/\/secure.gravatar.com\/avatar\/c61c2d82e330ff9c70cf023b4c62d411e8407bcb38f85df591fa270717754b44?s=96&d=mm&r=g","height":96,"width":96}},"publisher":{"@type":"Organization","name":"sombra.cz","logo":{"@type":"ImageObject","@id":"\/logo.png","url":"\/logo.png","width":600,"height":60}},"image":{"@type":"ImageObject","@id":"https:\/\/www.sombra.cz\/wp-content\/uploads\/kelly-sikkema-_oP5ErcnVXE-unsplash.jpg","url":"https:\/\/www.sombra.cz\/wp-content\/uploads\/kelly-sikkema-_oP5ErcnVXE-unsplash.jpg","height":0,"width":0},"wordCount":629,"keywords":null},{"@type":"Article","@id":"https:\/\/www.sombra.cz\/pusobime-i-jako-soudni-tlumocnici\/","headline":"P\u016fsob\u00edme i jako soudn\u00ed tlumo\u010dn\u00edci","url":"https:\/\/www.sombra.cz\/pusobime-i-jako-soudni-tlumocnici\/","datePublished":"2025-01-10","dateModified":"2025-01-10","mainEntityOfPage":"https:\/\/www.sombra.cz\/pusobime-i-jako-soudni-tlumocnici\/","author":{"@type":"Person","@id":"https:\/\/www.sombra.cz\/author\/#Person","name":"","url":"https:\/\/www.sombra.cz\/author\/","identifier":1,"image":{"@type":"ImageObject","@id":"https:\/\/secure.gravatar.com\/avatar\/c61c2d82e330ff9c70cf023b4c62d411e8407bcb38f85df591fa270717754b44?s=96&d=mm&r=g","url":"https:\/\/secure.gravatar.com\/avatar\/c61c2d82e330ff9c70cf023b4c62d411e8407bcb38f85df591fa270717754b44?s=96&d=mm&r=g","height":96,"width":96}},"publisher":{"@type":"Organization","name":"sombra.cz","logo":{"@type":"ImageObject","@id":"\/logo.png","url":"\/logo.png","width":600,"height":60}},"image":null,"wordCount":257,"keywords":null},{"@type":"Article","@id":"https:\/\/www.sombra.cz\/pomuzeme-s-autosklem\/","headline":"Pom\u016f\u017eeme s autosklem","url":"https:\/\/www.sombra.cz\/pomuzeme-s-autosklem\/","datePublished":"2025-01-01","dateModified":"2025-01-01","mainEntityOfPage":"https:\/\/www.sombra.cz\/pomuzeme-s-autosklem\/","author":{"@type":"Person","@id":"https:\/\/www.sombra.cz\/author\/#Person","name":"","url":"https:\/\/www.sombra.cz\/author\/","identifier":1,"image":{"@type":"ImageObject","@id":"https:\/\/secure.gravatar.com\/avatar\/c61c2d82e330ff9c70cf023b4c62d411e8407bcb38f85df591fa270717754b44?s=96&d=mm&r=g","url":"https:\/\/secure.gravatar.com\/avatar\/c61c2d82e330ff9c70cf023b4c62d411e8407bcb38f85df591fa270717754b44?s=96&d=mm&r=g","height":96,"width":96}},"publisher":{"@type":"Organization","name":"sombra.cz","logo":{"@type":"ImageObject","@id":"\/logo.png","url":"\/logo.png","width":600,"height":60}},"image":null,"wordCount":214,"keywords":null},{"@type":"Article","@id":"https:\/\/www.sombra.cz\/pronajem-chata\/","headline":"Pron\u00e1jem chata","url":"https:\/\/www.sombra.cz\/pronajem-chata\/","datePublished":"2024-12-26","dateModified":"2024-12-26","mainEntityOfPage":"https:\/\/www.sombra.cz\/pronajem-chata\/","author":{"@type":"Person","@id":"https:\/\/www.sombra.cz\/author\/#Person","name":"","url":"https:\/\/www.sombra.cz\/author\/","identifier":1,"image":{"@type":"ImageObject","@id":"https:\/\/secure.gravatar.com\/avatar\/c61c2d82e330ff9c70cf023b4c62d411e8407bcb38f85df591fa270717754b44?s=96&d=mm&r=g","url":"https:\/\/secure.gravatar.com\/avatar\/c61c2d82e330ff9c70cf023b4c62d411e8407bcb38f85df591fa270717754b44?s=96&d=mm&r=g","height":96,"width":96}},"publisher":{"@type":"Organization","name":"sombra.cz","logo":{"@type":"ImageObject","@id":"\/logo.png","url":"\/logo.png","width":600,"height":60}},"image":null,"wordCount":213,"keywords":null},{"@type":"Article","@id":"https:\/\/www.sombra.cz\/organza-latka-ktera-je-v-modnim-kurzu\/","headline":"Organza &#8211; l\u00e1tka, kter\u00e1 je v m\u00f3dn\u00edm kurzu","url":"https:\/\/www.sombra.cz\/organza-latka-ktera-je-v-modnim-kurzu\/","datePublished":"2024-12-22","dateModified":"2024-12-22","mainEntityOfPage":"https:\/\/www.sombra.cz\/organza-latka-ktera-je-v-modnim-kurzu\/","author":{"@type":"Person","@id":"https:\/\/www.sombra.cz\/author\/#Person","name":"","url":"https:\/\/www.sombra.cz\/author\/","identifier":1,"image":{"@type":"ImageObject","@id":"https:\/\/secure.gravatar.com\/avatar\/c61c2d82e330ff9c70cf023b4c62d411e8407bcb38f85df591fa270717754b44?s=96&d=mm&r=g","url":"https:\/\/secure.gravatar.com\/avatar\/c61c2d82e330ff9c70cf023b4c62d411e8407bcb38f85df591fa270717754b44?s=96&d=mm&r=g","height":96,"width":96}},"publisher":{"@type":"Organization","name":"sombra.cz","logo":{"@type":"ImageObject","@id":"\/logo.png","url":"\/logo.png","width":600,"height":60}},"image":{"@type":"ImageObject","@id":"https:\/\/www.sombra.cz\/wp-content\/uploads\/oneyard-fabric-39oxyVZKDYI-unsplash.jpg","url":"https:\/\/www.sombra.cz\/wp-content\/uploads\/oneyard-fabric-39oxyVZKDYI-unsplash.jpg","height":0,"width":0},"wordCount":600,"keywords":null},{"@type":"Article","@id":"https:\/\/www.sombra.cz\/vedeni-ucetnictvi\/","headline":"Veden\u00ed \u00fa\u010detnictv\u00ed","url":"https:\/\/www.sombra.cz\/vedeni-ucetnictvi\/","datePublished":"2024-12-19","dateModified":"2024-12-19","mainEntityOfPage":"https:\/\/www.sombra.cz\/vedeni-ucetnictvi\/","author":{"@type":"Person","@id":"https:\/\/www.sombra.cz\/author\/#Person","name":"","url":"https:\/\/www.sombra.cz\/author\/","identifier":1,"image":{"@type":"ImageObject","@id":"https:\/\/secure.gravatar.com\/avatar\/c61c2d82e330ff9c70cf023b4c62d411e8407bcb38f85df591fa270717754b44?s=96&d=mm&r=g","url":"https:\/\/secure.gravatar.com\/avatar\/c61c2d82e330ff9c70cf023b4c62d411e8407bcb38f85df591fa270717754b44?s=96&d=mm&r=g","height":96,"width":96}},"publisher":{"@type":"Organization","name":"sombra.cz","logo":{"@type":"ImageObject","@id":"\/logo.png","url":"\/logo.png","width":600,"height":60}},"image":null,"wordCount":234,"keywords":null},{"@type":"Article","@id":"https:\/\/www.sombra.cz\/nabidnou-vam-jen-pohodli\/","headline":"Nab\u00eddnou v\u00e1m jen pohodl\u00ed","url":"https:\/\/www.sombra.cz\/nabidnou-vam-jen-pohodli\/","datePublished":"2024-12-13","dateModified":"2024-12-13","mainEntityOfPage":"https:\/\/www.sombra.cz\/nabidnou-vam-jen-pohodli\/","author":{"@type":"Person","@id":"https:\/\/www.sombra.cz\/author\/#Person","name":"","url":"https:\/\/www.sombra.cz\/author\/","identifier":1,"image":{"@type":"ImageObject","@id":"https:\/\/secure.gravatar.com\/avatar\/c61c2d82e330ff9c70cf023b4c62d411e8407bcb38f85df591fa270717754b44?s=96&d=mm&r=g","url":"https:\/\/secure.gravatar.com\/avatar\/c61c2d82e330ff9c70cf023b4c62d411e8407bcb38f85df591fa270717754b44?s=96&d=mm&r=g","height":96,"width":96}},"publisher":{"@type":"Organization","name":"sombra.cz","logo":{"@type":"ImageObject","@id":"\/logo.png","url":"\/logo.png","width":600,"height":60}},"image":null,"wordCount":220,"keywords":null},{"@type":"Article","@id":"https:\/\/www.sombra.cz\/slavime-letni-slunovrat-s-pronajatym-vozem\/","headline":"Slav\u00edme letn\u00ed slunovrat s pronajat\u00fdm vozem","url":"https:\/\/www.sombra.cz\/slavime-letni-slunovrat-s-pronajatym-vozem\/","datePublished":"2024-12-10","dateModified":"2024-12-10","mainEntityOfPage":"https:\/\/www.sombra.cz\/slavime-letni-slunovrat-s-pronajatym-vozem\/","author":{"@type":"Person","@id":"https:\/\/www.sombra.cz\/author\/#Person","name":"","url":"https:\/\/www.sombra.cz\/author\/","identifier":1,"image":{"@type":"ImageObject","@id":"https:\/\/secure.gravatar.com\/avatar\/c61c2d82e330ff9c70cf023b4c62d411e8407bcb38f85df591fa270717754b44?s=96&d=mm&r=g","url":"https:\/\/secure.gravatar.com\/avatar\/c61c2d82e330ff9c70cf023b4c62d411e8407bcb38f85df591fa270717754b44?s=96&d=mm&r=g","height":96,"width":96}},"publisher":{"@type":"Organization","name":"sombra.cz","logo":{"@type":"ImageObject","@id":"\/logo.png","url":"\/logo.png","width":600,"height":60}},"image":{"@type":"ImageObject","@id":"https:\/\/www.sombra.cz\/wp-content\/uploads\/view-55188_640_1.jpg","url":"https:\/\/www.sombra.cz\/wp-content\/uploads\/view-55188_640_1.jpg","height":0,"width":0},"wordCount":579,"keywords":null},{"@type":"Article","@id":"https:\/\/www.sombra.cz\/stan-se-i-ty-hracem-s-playstation-3\/","headline":"Sta\u0148 se i ty hr\u00e1\u010dem s\u00a0Playstation 3","url":"https:\/\/www.sombra.cz\/stan-se-i-ty-hracem-s-playstation-3\/","datePublished":"2024-12-06","dateModified":"2024-12-06","mainEntityOfPage":"https:\/\/www.sombra.cz\/stan-se-i-ty-hracem-s-playstation-3\/","author":{"@type":"Person","@id":"https:\/\/www.sombra.cz\/author\/#Person","name":"","url":"https:\/\/www.sombra.cz\/author\/","identifier":1,"image":{"@type":"ImageObject","@id":"https:\/\/secure.gravatar.com\/avatar\/c61c2d82e330ff9c70cf023b4c62d411e8407bcb38f85df591fa270717754b44?s=96&d=mm&r=g","url":"https:\/\/secure.gravatar.com\/avatar\/c61c2d82e330ff9c70cf023b4c62d411e8407bcb38f85df591fa270717754b44?s=96&d=mm&r=g","height":96,"width":96}},"publisher":{"@type":"Organization","name":"sombra.cz","logo":{"@type":"ImageObject","@id":"\/logo.png","url":"\/logo.png","width":600,"height":60}},"image":null,"wordCount":220,"keywords":null},{"@type":"Article","@id":"https:\/\/www.sombra.cz\/elektrina-za-nizsi-cenu\/","headline":"Elekt\u0159ina za ni\u017e\u0161\u00ed cenu","url":"https:\/\/www.sombra.cz\/elektrina-za-nizsi-cenu\/","datePublished":"2024-12-02","dateModified":"2024-12-02","mainEntityOfPage":"https:\/\/www.sombra.cz\/elektrina-za-nizsi-cenu\/","author":{"@type":"Person","@id":"https:\/\/www.sombra.cz\/author\/#Person","name":"","url":"https:\/\/www.sombra.cz\/author\/","identifier":1,"image":{"@type":"ImageObject","@id":"https:\/\/secure.gravatar.com\/avatar\/c61c2d82e330ff9c70cf023b4c62d411e8407bcb38f85df591fa270717754b44?s=96&d=mm&r=g","url":"https:\/\/secure.gravatar.com\/avatar\/c61c2d82e330ff9c70cf023b4c62d411e8407bcb38f85df591fa270717754b44?s=96&d=mm&r=g","height":96,"width":96}},"publisher":{"@type":"Organization","name":"sombra.cz","logo":{"@type":"ImageObject","@id":"\/logo.png","url":"\/logo.png","width":600,"height":60}},"image":{"@type":"ImageObject","@id":"https:\/\/www.sombra.cz\/wp-content\/uploads\/solar-energy-862602_640_10_10_10_10_5.jpg","url":"https:\/\/www.sombra.cz\/wp-content\/uploads\/solar-energy-862602_640_10_10_10_10_5.jpg","height":0,"width":0},"wordCount":608,"keywords":null}]},{"@context":"https:\/\/schema.org","@type":"WebSite","@id":"https:\/\/www.sombra.cz\/#website","name":"Sombra","url":"https:\/\/www.sombra.cz","potentialAction":{"@type":"SearchAction","target":"https:\/\/www.sombra.cz\/?s={search_term_string}","query-input":"required name=search_term_string"}}]