[{"@context":"https:\/\/schema.org\/","@type":"Article","@id":"https:\/\/www.sombra.cz\/co-si-vzit-na-dovolenou\/#Article","mainEntityOfPage":"https:\/\/www.sombra.cz\/co-si-vzit-na-dovolenou\/","headline":"Co si vz\u00edt na dovolenou?","name":"Co si vz\u00edt na dovolenou?","description":"U\u017e je to tady. Za\u010d\u00edn\u00e1 l\u00e9to, a to je moje nejobl\u00edben\u011bj\u0161\u00ed obdob\u00ed. A nejenom z d\u016fvodu, \u017ee si u\u017e\u00edv\u00e1m tepla, ale taky proto, \u017ee je prost\u011b v\u0161echno \u00fa\u017easn\u00e9. Lidi jezd\u00ed na dovolenou, griluj\u00ed, jezd\u00ed k mo\u0159i na dovolenou a podobn\u011b. J\u00e1 se za m\u011bs\u00edc na dovolenou chyst\u00e1m a u\u017e se opravdu nemohu do\u010dkat, a\u017e znovu [&hellip;]","datePublished":"2024-03-17","dateModified":"2024-04-17","author":{"@type":"Person","@id":"https:\/\/www.sombra.cz\/author\/#Person","name":"","url":"https:\/\/www.sombra.cz\/author\/","identifier":1,"image":{"@type":"ImageObject","@id":"https:\/\/secure.gravatar.com\/avatar\/c61c2d82e330ff9c70cf023b4c62d411e8407bcb38f85df591fa270717754b44?s=96&d=mm&r=g","url":"https:\/\/secure.gravatar.com\/avatar\/c61c2d82e330ff9c70cf023b4c62d411e8407bcb38f85df591fa270717754b44?s=96&d=mm&r=g","height":96,"width":96}},"publisher":{"@type":"Organization","name":"sombra.cz","logo":{"@type":"ImageObject","@id":"\/logo.png","url":"\/logo.png","width":600,"height":60}},"image":{"@type":"ImageObject","@id":"https:\/\/www.sombra.cz\/wp-content\/uploads\/pexels-roberto-nickson-2531237.jpg","url":"https:\/\/www.sombra.cz\/wp-content\/uploads\/pexels-roberto-nickson-2531237.jpg","height":0,"width":0},"url":"https:\/\/www.sombra.cz\/co-si-vzit-na-dovolenou\/","about":["V\u00fdrobky"],"wordCount":438,"articleBody":"   U\u017e je to tady. Za\u010d\u00edn\u00e1 l\u00e9to, a to je moje nejobl\u00edben\u011bj\u0161\u00ed obdob\u00ed. A nejenom z d\u016fvodu, \u017ee si u\u017e\u00edv\u00e1m tepla, ale taky proto, \u017ee je prost\u011b v\u0161echno \u00fa\u017easn\u00e9. Lidi jezd\u00ed na dovolenou, griluj\u00ed, jezd\u00ed k mo\u0159i na dovolenou a podobn\u011b. J\u00e1 se za m\u011bs\u00edc na dovolenou chyst\u00e1m a u\u017e se opravdu nemohu do\u010dkat, a\u017e znovu uvid\u00edm mo\u0159e. Tentokr\u00e1t jsem si vybrala dovolenou v Egypt\u011b. Tam jsem je\u0161t\u011b nebyla a m\u00fdm snem bylo v\u017edycky Egypt nav\u0161t\u00edvit. Tak\u017ee letos pojedu tam. Co v\u017edycky nesn\u00e1\u0161\u00edm na pl\u00e1nov\u00e1n\u00ed dovolen\u00e9 je ale sepisov\u00e1n\u00ed v\u011bc\u00ed, kter\u00e9 si mus\u00edm s sebou vz\u00edt. V\u017edycky se mi toti\u017e st\u00e1v\u00e1, \u017ee n\u011bco zapomenu. Douf\u00e1m, \u017ee tento rok se mi to nestane. Jednou z v\u011bc\u00ed, kterou si ur\u010dit\u011b mus\u00edm p\u0159ibalit do kufru, jsou stylov\u00e9 slune\u010dn\u00ed br\u00fdle luxbryle.cz. V dne\u0161n\u00ed dob\u011b je to nutnost. Hlavn\u011b proto, \u017ee j\u00e1 jsem h\u00e1kliv\u00e1 na slune\u010dn\u00ed svit a v\u017edycky ze slunka slz\u00edm. Zato kdy\u017e si d\u00e1m slune\u010dn\u00ed br\u00fdle, c\u00edt\u00edm se p\u0159\u00edjemn\u011b a komfortn\u011b. Taky si nesm\u00edm zapomenout vz\u00edt s sebou i kr\u00e9m na opalov\u00e1n\u00ed, proto\u017ee minule na dovolen\u00e9 jsem si bohu\u017eel p\u011bkn\u011b sp\u00e1lila z\u00e1da a dost to bolelo. Letos stejnou chybu ale neud\u011bl\u00e1m, a tak jsem si kr\u00e9m na opalov\u00e1n\u00ed rychle p\u0159ibalila taky do kufru. A te\u010f nast\u00e1v\u00e1 ta nejd\u016fle\u017eit\u011bj\u0161\u00ed \u010d\u00e1st \u2013 v\u00fdb\u011br oble\u010den\u00ed na dovolenou. V \u0161atn\u00edku m\u00e1m nespo\u010det kousk\u016f, kter\u00e9 bych si na dovolenou cht\u011bla vz\u00edt, jen\u017ee samoz\u0159ejm\u011b se do kufru v\u0161echny nevlezou a asi by bylo zbyte\u010dn\u00e9 je s sebou i v\u0161echny tahat, kdy\u017e na dovolenou jedu na dva t\u00fddny. U m\u011b v\u00fdb\u011br letn\u00edch kousk\u016f na dovolenou b\u00fdv\u00e1 v\u017edycky drama a ne\u017e se rozmysl\u00edm, kter\u00e9 kousky si s sebou vezmu, trv\u00e1 mi to v\u011bt\u0161inou n\u011bkolik dn\u016f, tak\u017ee v\u017edycky p\u0159em\u00fd\u0161l\u00edm dop\u0159edu. No a o kn\u00ed\u017ek\u00e1ch ani nemluv\u00edm. Na leh\u00e1tku na slun\u00ed\u010dku se toti\u017e i n\u00e1dhern\u011b \u010dte a pro m\u011b je to u pl\u00e1\u017ee prost\u011b odpo\u010dinek. A \u010dten\u00ed je moje z\u00e1liba, tak\u017ee si minim\u00e1ln\u011b dv\u011b kn\u00ed\u017eky s sebou na dovolenou letos vezmu a budu je \u010d\u00edst. Jak to m\u00e1te vy?                                                                                                                                                                                                                                                                                                                                                                                          3.7\/5 - (6 votes)        "},{"@context":"https:\/\/schema.org\/","@type":"BreadcrumbList","itemListElement":[{"@type":"ListItem","position":1,"name":"Co si vz\u00edt na dovolenou?","item":"https:\/\/www.sombra.cz\/co-si-vzit-na-dovolenou\/#breadcrumbitem"}]}]